{"id":1884,"date":"2026-05-07T09:57:35","date_gmt":"2026-05-07T16:57:35","guid":{"rendered":"https:\/\/www.njnylawyers.com\/?p=1884"},"modified":"2026-05-07T09:57:36","modified_gmt":"2026-05-07T16:57:36","slug":"hpef-annual-gala-2026","status":"publish","type":"post","link":"https:\/\/www.njnylawyers.com\/es\/blog\/hpef-annual-gala-2026\/","title":{"rendered":"Glugeth &amp; Pierguidi, P.C. patrocina la Gala 2026 de la Fundaci\u00f3n de Educaci\u00f3n P\u00fablica de Hoboken"},"content":{"rendered":"<p class=\"wp-block-paragraph\">Glugeth &amp; Pierguidi, P.C. patrocin\u00f3 recientemente la <a href=\"https:\/\/www.hobokenpef.org\/gala\" target=\"_blank\" rel=\"noreferrer noopener\">Fundaci\u00f3n de Educaci\u00f3n P\u00fablica de Hoboken 2026 Gala<\/a>, un evento anual que apoya a las escuelas p\u00fablicas y programas educativos en toda Hoboken.<\/p>\n\n\n\n<p class=\"wp-block-paragraph\">Alojado por el <a href=\"https:\/\/www.hobokenpef.org\/\" target=\"_blank\" rel=\"noreferrer noopener\">Fundaci\u00f3n de Educaci\u00f3n P\u00fablica de Hoboken<\/a>, la gala re\u00fane a educadores, familias y l\u00edderes comunitarios para recaudar fondos para recursos de aula, apoyo a maestros e iniciativas de enriquecimiento estudiantil.<\/p>\n\n\n\n<p class=\"wp-block-paragraph\">El patrocinio refleja el compromiso de Glugeth &amp; Pierguidi, P.C. de invertir en la educaci\u00f3n local y fortalecer los programas comunitarios que benefician directamente a estudiantes y maestros. Eventos como este ayudan a proveer a las escuelas con herramientas, oportunidades y financiamiento adicionales que mejoran las experiencias de aprendizaje en todo el distrito.<\/p>\n\n\n\n<p class=\"wp-block-paragraph\">Nos enorgullece apoyar una iniciativa que tiene un impacto significativo en la educaci\u00f3n p\u00fablica de la comunidad de Hoboken.<\/p>","protected":false},"excerpt":{"rendered":"<p>Glugeth &amp; Pierguidi, P.C. recently sponsored the Hoboken Public Education Foundation 2026 Gala, an annual event supporting public schools and educational programs across Hoboken. Hosted by the Hoboken Public Education Foundation, the gala brings together educators, families, and community leaders to raise funds for classroom resources, teacher support, and student enrichment initiatives. The sponsorship reflects our Glugeth &amp; Pierguidi, P.C.&#8217;s commitment to investing in local education and strengthening community programs that directly benefit students and teachers. Events like this help provide schools with additional tools, opportunities, and funding that enhance learning experiences throughout the district. We\u2019re proud to support an initiative that makes a meaningful impact on public education in the Hoboken community.<\/p>","protected":false},"author":2,"featured_media":0,"comment_status":"open","ping_status":"closed","sticky":false,"template":"","format":"standard","meta":{"_acf_changed":false,"_ai_research_index":"1","footnotes":""},"categories":[21],"tags":[],"class_list":["post-1884","post","type-post","status-publish","format-standard","hentry","category-firm-news"],"acf":[],"yoast_head":"<!-- This site is optimized with the Yoast SEO plugin v28.3 - https:\/\/yoast.com\/product\/yoast-seo-wordpress\/ -->\n<title>Glugeth &amp; Pierguidi, P.C. Sponsors Hoboken Public Education Foundation 2026 Gala - Glugeth &amp; Pierguidi, P.C.<\/title>\n<meta name=\"description\" content=\"Glugeth &amp; Pierguidi, P.C. recently sponsored the Hoboken Public Education Foundation 2026 Gala.\" \/>\n<meta name=\"robots\" content=\"index, follow, max-snippet:-1, max-image-preview:large, max-video-preview:-1\" \/>\n<link rel=\"canonical\" href=\"https:\/\/www.njnylawyers.com\/es\/blog\/hpef-annual-gala-2026\/\" \/>\n<meta property=\"og:locale\" content=\"es_MX\" \/>\n<meta property=\"og:type\" content=\"article\" \/>\n<meta property=\"og:title\" content=\"Glugeth &amp; Pierguidi, P.C. Sponsors Hoboken Public Education Foundation 2026 Gala - Glugeth &amp; Pierguidi, P.C.\" \/>\n<meta property=\"og:description\" content=\"Glugeth &amp; Pierguidi, P.C. recently sponsored the Hoboken Public Education Foundation 2026 Gala.\" \/>\n<meta property=\"og:url\" content=\"https:\/\/www.njnylawyers.com\/es\/blog\/hpef-annual-gala-2026\/\" \/>\n<meta property=\"og:site_name\" content=\"Glugeth &amp; Pierguidi, P.C.\" \/>\n<meta property=\"article:published_time\" content=\"2026-05-07T16:57:35+00:00\" \/>\n<meta property=\"article:modified_time\" content=\"2026-05-07T16:57:36+00:00\" \/>\n<meta name=\"author\" content=\"jdxbasedev\" \/>\n<meta name=\"twitter:card\" content=\"summary_large_image\" \/>\n<meta name=\"twitter:creator\" content=\"@reporting@jurisdigital.com\" \/>\n<meta name=\"twitter:label1\" content=\"Written by\" \/>\n\t<meta name=\"twitter:data1\" content=\"jdxbasedev\" \/>\n\t<meta name=\"twitter:label2\" content=\"Est. reading time\" \/>\n\t<meta name=\"twitter:data2\" content=\"1 minuto\" \/>\n<script type=\"application\/ld+json\" class=\"yoast-schema-graph\">{\"@context\":\"https:\\\/\\\/schema.org\",\"@graph\":[{\"@type\":\"Article\",\"@id\":\"https:\\\/\\\/www.njnylawyers.com\\\/blog\\\/hpef-annual-gala-2026\\\/#article\",\"isPartOf\":{\"@id\":\"https:\\\/\\\/www.njnylawyers.com\\\/blog\\\/hpef-annual-gala-2026\\\/\"},\"author\":{\"name\":\"jdxbasedev\",\"@id\":\"https:\\\/\\\/www.njnylawyers.com\\\/#\\\/schema\\\/person\\\/24720536103477697e37a1b38f063627\"},\"headline\":\"Glugeth &amp; Pierguidi, P.C. Sponsors Hoboken Public Education Foundation 2026 Gala\",\"datePublished\":\"2026-05-07T16:57:35+00:00\",\"dateModified\":\"2026-05-07T16:57:36+00:00\",\"mainEntityOfPage\":{\"@id\":\"https:\\\/\\\/www.njnylawyers.com\\\/blog\\\/hpef-annual-gala-2026\\\/\"},\"wordCount\":127,\"commentCount\":0,\"publisher\":{\"@id\":\"https:\\\/\\\/www.njnylawyers.com\\\/#organization\"},\"articleSection\":[\"Firm News\"],\"inLanguage\":\"es\",\"potentialAction\":[{\"@type\":\"CommentAction\",\"name\":\"Comment\",\"target\":[\"https:\\\/\\\/www.njnylawyers.com\\\/blog\\\/hpef-annual-gala-2026\\\/#respond\"]}]},{\"@type\":\"WebPage\",\"@id\":\"https:\\\/\\\/www.njnylawyers.com\\\/blog\\\/hpef-annual-gala-2026\\\/\",\"url\":\"https:\\\/\\\/www.njnylawyers.com\\\/blog\\\/hpef-annual-gala-2026\\\/\",\"name\":\"Glugeth &amp; Pierguidi, P.C. Sponsors Hoboken Public Education Foundation 2026 Gala - Glugeth &amp; Pierguidi, P.C.\",\"isPartOf\":{\"@id\":\"https:\\\/\\\/www.njnylawyers.com\\\/#website\"},\"datePublished\":\"2026-05-07T16:57:35+00:00\",\"dateModified\":\"2026-05-07T16:57:36+00:00\",\"description\":\"Glugeth & Pierguidi, P.C. recently sponsored the Hoboken Public Education Foundation 2026 Gala.\",\"breadcrumb\":{\"@id\":\"https:\\\/\\\/www.njnylawyers.com\\\/blog\\\/hpef-annual-gala-2026\\\/#breadcrumb\"},\"inLanguage\":\"es\",\"potentialAction\":[{\"@type\":\"ReadAction\",\"target\":[\"https:\\\/\\\/www.njnylawyers.com\\\/blog\\\/hpef-annual-gala-2026\\\/\"]}]},{\"@type\":\"BreadcrumbList\",\"@id\":\"https:\\\/\\\/www.njnylawyers.com\\\/blog\\\/hpef-annual-gala-2026\\\/#breadcrumb\",\"itemListElement\":[{\"@type\":\"ListItem\",\"position\":1,\"name\":\"Home\",\"item\":\"https:\\\/\\\/www.njnylawyers.com\\\/\"},{\"@type\":\"ListItem\",\"position\":2,\"name\":\"Glugeth &amp; Pierguidi, P.C. Sponsors Hoboken Public Education Foundation 2026 Gala\"}]},{\"@type\":\"WebSite\",\"@id\":\"https:\\\/\\\/www.njnylawyers.com\\\/#website\",\"url\":\"https:\\\/\\\/www.njnylawyers.com\\\/\",\"name\":\"Glugeth & Pierguidi, P.C.\",\"description\":\"\",\"publisher\":{\"@id\":\"https:\\\/\\\/www.njnylawyers.com\\\/#organization\"},\"potentialAction\":[{\"@type\":\"SearchAction\",\"target\":{\"@type\":\"EntryPoint\",\"urlTemplate\":\"https:\\\/\\\/www.njnylawyers.com\\\/?s={search_term_string}\"},\"query-input\":{\"@type\":\"PropertyValueSpecification\",\"valueRequired\":true,\"valueName\":\"search_term_string\"}}],\"inLanguage\":\"es\"},{\"@type\":\"Organization\",\"@id\":\"https:\\\/\\\/www.njnylawyers.com\\\/#organization\",\"name\":\"Glugeth & Pierguidi, P.C.\",\"url\":\"https:\\\/\\\/www.njnylawyers.com\\\/\",\"logo\":{\"@type\":\"ImageObject\",\"inLanguage\":\"es\",\"@id\":\"https:\\\/\\\/www.njnylawyers.com\\\/#\\\/schema\\\/logo\\\/image\\\/\",\"url\":\"https:\\\/\\\/njnylawyers.wpengine.com\\\/wp-content\\\/uploads\\\/2022\\\/11\\\/img_header_logo.png\",\"contentUrl\":\"https:\\\/\\\/njnylawyers.wpengine.com\\\/wp-content\\\/uploads\\\/2022\\\/11\\\/img_header_logo.png\",\"width\":426,\"height\":107,\"caption\":\"Glugeth & Pierguidi, P.C.\"},\"image\":{\"@id\":\"https:\\\/\\\/www.njnylawyers.com\\\/#\\\/schema\\\/logo\\\/image\\\/\"}},{\"@type\":\"Person\",\"@id\":\"https:\\\/\\\/www.njnylawyers.com\\\/#\\\/schema\\\/person\\\/24720536103477697e37a1b38f063627\",\"name\":\"jdxbasedev\",\"image\":{\"@type\":\"ImageObject\",\"inLanguage\":\"es\",\"@id\":\"https:\\\/\\\/secure.gravatar.com\\\/avatar\\\/78ca6fbe5602f84fb07bfa79dd9c1210008e501743afcbb5b0c624d07743e6e8?s=96&d=mm&r=g\",\"url\":\"https:\\\/\\\/secure.gravatar.com\\\/avatar\\\/78ca6fbe5602f84fb07bfa79dd9c1210008e501743afcbb5b0c624d07743e6e8?s=96&d=mm&r=g\",\"contentUrl\":\"https:\\\/\\\/secure.gravatar.com\\\/avatar\\\/78ca6fbe5602f84fb07bfa79dd9c1210008e501743afcbb5b0c624d07743e6e8?s=96&d=mm&r=g\",\"caption\":\"jdxbasedev\"},\"sameAs\":[\"http:\\\/\\\/njnylawyers.wpengine.com\",\"https:\\\/\\\/x.com\\\/reporting@jurisdigital.com\",\"jdxbasedev\"]}]}<\/script>\n<!-- \/ Yoast SEO plugin. -->","yoast_head_json":{"title":"Glugeth &amp; Pierguidi, P.C. Sponsors Hoboken Public Education Foundation 2026 Gala - Glugeth &amp; Pierguidi, P.C.","description":"Glugeth & Pierguidi, P.C. recently sponsored the Hoboken Public Education Foundation 2026 Gala.","robots":{"index":"index","follow":"follow","max-snippet":"max-snippet:-1","max-image-preview":"max-image-preview:large","max-video-preview":"max-video-preview:-1"},"canonical":"https:\/\/www.njnylawyers.com\/es\/blog\/hpef-annual-gala-2026\/","og_locale":"es_MX","og_type":"article","og_title":"Glugeth &amp; Pierguidi, P.C. Sponsors Hoboken Public Education Foundation 2026 Gala - Glugeth &amp; Pierguidi, P.C.","og_description":"Glugeth & Pierguidi, P.C. recently sponsored the Hoboken Public Education Foundation 2026 Gala.","og_url":"https:\/\/www.njnylawyers.com\/es\/blog\/hpef-annual-gala-2026\/","og_site_name":"Glugeth &amp; Pierguidi, P.C.","article_published_time":"2026-05-07T16:57:35+00:00","article_modified_time":"2026-05-07T16:57:36+00:00","author":"jdxbasedev","twitter_card":"summary_large_image","twitter_creator":"@reporting@jurisdigital.com","twitter_misc":{"Written by":"jdxbasedev","Est. reading time":"1 minuto"},"schema":{"@context":"https:\/\/schema.org","@graph":[{"@type":"Article","@id":"https:\/\/www.njnylawyers.com\/blog\/hpef-annual-gala-2026\/#article","isPartOf":{"@id":"https:\/\/www.njnylawyers.com\/blog\/hpef-annual-gala-2026\/"},"author":{"name":"jdxbasedev","@id":"https:\/\/www.njnylawyers.com\/#\/schema\/person\/24720536103477697e37a1b38f063627"},"headline":"Glugeth &amp; Pierguidi, P.C. Sponsors Hoboken Public Education Foundation 2026 Gala","datePublished":"2026-05-07T16:57:35+00:00","dateModified":"2026-05-07T16:57:36+00:00","mainEntityOfPage":{"@id":"https:\/\/www.njnylawyers.com\/blog\/hpef-annual-gala-2026\/"},"wordCount":127,"commentCount":0,"publisher":{"@id":"https:\/\/www.njnylawyers.com\/#organization"},"articleSection":["Firm News"],"inLanguage":"es","potentialAction":[{"@type":"CommentAction","name":"Comment","target":["https:\/\/www.njnylawyers.com\/blog\/hpef-annual-gala-2026\/#respond"]}]},{"@type":"WebPage","@id":"https:\/\/www.njnylawyers.com\/blog\/hpef-annual-gala-2026\/","url":"https:\/\/www.njnylawyers.com\/blog\/hpef-annual-gala-2026\/","name":"Glugeth &amp; Pierguidi, P.C. Sponsors Hoboken Public Education Foundation 2026 Gala - Glugeth &amp; Pierguidi, P.C.","isPartOf":{"@id":"https:\/\/www.njnylawyers.com\/#website"},"datePublished":"2026-05-07T16:57:35+00:00","dateModified":"2026-05-07T16:57:36+00:00","description":"Glugeth & Pierguidi, P.C. recently sponsored the Hoboken Public Education Foundation 2026 Gala.","breadcrumb":{"@id":"https:\/\/www.njnylawyers.com\/blog\/hpef-annual-gala-2026\/#breadcrumb"},"inLanguage":"es","potentialAction":[{"@type":"ReadAction","target":["https:\/\/www.njnylawyers.com\/blog\/hpef-annual-gala-2026\/"]}]},{"@type":"BreadcrumbList","@id":"https:\/\/www.njnylawyers.com\/blog\/hpef-annual-gala-2026\/#breadcrumb","itemListElement":[{"@type":"ListItem","position":1,"name":"Home","item":"https:\/\/www.njnylawyers.com\/"},{"@type":"ListItem","position":2,"name":"Glugeth &amp; Pierguidi, P.C. Sponsors Hoboken Public Education Foundation 2026 Gala"}]},{"@type":"WebSite","@id":"https:\/\/www.njnylawyers.com\/#website","url":"https:\/\/www.njnylawyers.com\/","name":"Glugeth &amp; Pierguidi, P.C.","description":"","publisher":{"@id":"https:\/\/www.njnylawyers.com\/#organization"},"potentialAction":[{"@type":"SearchAction","target":{"@type":"EntryPoint","urlTemplate":"https:\/\/www.njnylawyers.com\/?s={search_term_string}"},"query-input":{"@type":"PropertyValueSpecification","valueRequired":true,"valueName":"search_term_string"}}],"inLanguage":"es"},{"@type":"Organization","@id":"https:\/\/www.njnylawyers.com\/#organization","name":"Glugeth &amp; Pierguidi, P.C.","url":"https:\/\/www.njnylawyers.com\/","logo":{"@type":"ImageObject","inLanguage":"es","@id":"https:\/\/www.njnylawyers.com\/#\/schema\/logo\/image\/","url":"https:\/\/njnylawyers.wpengine.com\/wp-content\/uploads\/2022\/11\/img_header_logo.png","contentUrl":"https:\/\/njnylawyers.wpengine.com\/wp-content\/uploads\/2022\/11\/img_header_logo.png","width":426,"height":107,"caption":"Glugeth & Pierguidi, P.C."},"image":{"@id":"https:\/\/www.njnylawyers.com\/#\/schema\/logo\/image\/"}},{"@type":"Person","@id":"https:\/\/www.njnylawyers.com\/#\/schema\/person\/24720536103477697e37a1b38f063627","name":"jdxbasedev","image":{"@type":"ImageObject","inLanguage":"es","@id":"https:\/\/secure.gravatar.com\/avatar\/78ca6fbe5602f84fb07bfa79dd9c1210008e501743afcbb5b0c624d07743e6e8?s=96&d=mm&r=g","url":"https:\/\/secure.gravatar.com\/avatar\/78ca6fbe5602f84fb07bfa79dd9c1210008e501743afcbb5b0c624d07743e6e8?s=96&d=mm&r=g","contentUrl":"https:\/\/secure.gravatar.com\/avatar\/78ca6fbe5602f84fb07bfa79dd9c1210008e501743afcbb5b0c624d07743e6e8?s=96&d=mm&r=g","caption":"jdxbasedev"},"sameAs":["http:\/\/njnylawyers.wpengine.com","https:\/\/x.com\/reporting@jurisdigital.com","jdxbasedev"]}]}},"_links":{"self":[{"href":"https:\/\/www.njnylawyers.com\/es\/wp-json\/wp\/v2\/posts\/1884","targetHints":{"allow":["GET"]}}],"collection":[{"href":"https:\/\/www.njnylawyers.com\/es\/wp-json\/wp\/v2\/posts"}],"about":[{"href":"https:\/\/www.njnylawyers.com\/es\/wp-json\/wp\/v2\/types\/post"}],"author":[{"embeddable":true,"href":"https:\/\/www.njnylawyers.com\/es\/wp-json\/wp\/v2\/users\/2"}],"replies":[{"embeddable":true,"href":"https:\/\/www.njnylawyers.com\/es\/wp-json\/wp\/v2\/comments?post=1884"}],"version-history":[{"count":0,"href":"https:\/\/www.njnylawyers.com\/es\/wp-json\/wp\/v2\/posts\/1884\/revisions"}],"wp:attachment":[{"href":"https:\/\/www.njnylawyers.com\/es\/wp-json\/wp\/v2\/media?parent=1884"}],"wp:term":[{"taxonomy":"category","embeddable":true,"href":"https:\/\/www.njnylawyers.com\/es\/wp-json\/wp\/v2\/categories?post=1884"},{"taxonomy":"post_tag","embeddable":true,"href":"https:\/\/www.njnylawyers.com\/es\/wp-json\/wp\/v2\/tags?post=1884"}],"curies":[{"name":"wp","href":"https:\/\/api.w.org\/{rel}","templated":true}]}}